{"id":9362,"date":"2025-09-23T13:42:48","date_gmt":"2025-09-23T11:42:48","guid":{"rendered":"https:\/\/lyceejeanracine.fr\/wdps\/?p=9362"},"modified":"2025-09-23T14:14:34","modified_gmt":"2025-09-23T12:14:34","slug":"point-ecoute-gendarmerie","status":"publish","type":"post","link":"https:\/\/lyceejeanracine.fr\/wdps\/index.php\/2025\/09\/23\/point-ecoute-gendarmerie\/","title":{"rendered":"POINT ECOUTE GENDARMERIE"},"content":{"rendered":"<div class=\"wp-block-image\">\n<figure class=\"alignleft size-medium\"><img loading=\"lazy\" decoding=\"async\" width=\"300\" height=\"169\" src=\"https:\/\/lyceejeanracine.fr\/wdps\/wp-content\/uploads\/2025\/09\/image-1-300x169.png\" alt=\"\" class=\"wp-image-9363\" srcset=\"https:\/\/lyceejeanracine.fr\/wdps\/wp-content\/uploads\/2025\/09\/image-1-300x169.png 300w, https:\/\/lyceejeanracine.fr\/wdps\/wp-content\/uploads\/2025\/09\/image-1-1024x576.png 1024w, https:\/\/lyceejeanracine.fr\/wdps\/wp-content\/uploads\/2025\/09\/image-1-768x432.png 768w, https:\/\/lyceejeanracine.fr\/wdps\/wp-content\/uploads\/2025\/09\/image-1-750x422.png 750w, https:\/\/lyceejeanracine.fr\/wdps\/wp-content\/uploads\/2025\/09\/image-1.png 1280w\" sizes=\"(max-width: 300px) 100vw, 300px\" \/><\/figure><\/div>\n\n\n<p>Madame, Monsieur,<br>Dans le cadre d\u2019un partenariat avec la Gendarmerie nationale, un point \u00e9coute gendarmerie est d\u00e9sormais mis en place au lyc\u00e9e.<br>\ud83d\udcc5 Il se tiendra tous les premiers mardis du mois, de 8h \u00e0 12h, exceptionnellement le 1er se tiendra mardi 30 septembre 2025<br>\ud83d\udccd en salle de r\u00e9union 1 (hall principal).<br>Ce dispositif est ouvert aux \u00e9l\u00e8ves comme aux personnels. Il a pour objectif de permettre un temps d\u2019\u00e9change, d\u2019\u00e9coute et de conseil, qu\u2019il s\u2019agisse de probl\u00e9matiques rencontr\u00e9es au sein du lyc\u00e9e ou en dehors (difficult\u00e9s personnelles ou familiales, questions diverses, informations li\u00e9es \u00e0 la justice, orientation vers un d\u00e9p\u00f4t de plainte, etc.).<br>Il s\u2019agit d\u2019une d\u00e9marche de pr\u00e9vention et de soutien, en compl\u00e9ment de l\u2019accompagnement d\u00e9j\u00e0 assur\u00e9 par l\u2019\u00e9tablissement.<br>Cordialement,<br>Le proviseur<\/p>\n","protected":false},"excerpt":{"rendered":"<p>Madame, Monsieur,<br \/>Dans le cadre d\u2019un partenariat avec la Gendarmerie nationale, un point \u00e9coute gendarmerie est d\u00e9sormais mis en place au lyc\u00e9e.<br \/>\ud83d\udcc5 Il se tiendra tous les premiers mardis du mois, de 8h \u00e0 12h, exceptionnellement le 1er se tiendra mardi 30 septembre 2025<br \/>\ud83d\udccd en salle de r\u00e9union 1 (hall principal).<br \/>Ce dispositif est ouvert aux \u00e9l\u00e8ves &hellip; <\/p>\n<p><a class=\"more-link btn\" href=\"https:\/\/lyceejeanracine.fr\/wdps\/index.php\/2025\/09\/23\/point-ecoute-gendarmerie\/\">Lire la suite<\/a><\/p>\n","protected":false},"author":1,"featured_media":9363,"comment_status":"open","ping_status":"open","sticky":false,"template":"","format":"standard","meta":{"ngg_post_thumbnail":0,"footnotes":""},"categories":[58,7],"tags":[],"post_mailing_queue_ids":[],"_links":{"self":[{"href":"https:\/\/lyceejeanracine.fr\/wdps\/index.php\/wp-json\/wp\/v2\/posts\/9362"}],"collection":[{"href":"https:\/\/lyceejeanracine.fr\/wdps\/index.php\/wp-json\/wp\/v2\/posts"}],"about":[{"href":"https:\/\/lyceejeanracine.fr\/wdps\/index.php\/wp-json\/wp\/v2\/types\/post"}],"author":[{"embeddable":true,"href":"https:\/\/lyceejeanracine.fr\/wdps\/index.php\/wp-json\/wp\/v2\/users\/1"}],"replies":[{"embeddable":true,"href":"https:\/\/lyceejeanracine.fr\/wdps\/index.php\/wp-json\/wp\/v2\/comments?post=9362"}],"version-history":[{"count":2,"href":"https:\/\/lyceejeanracine.fr\/wdps\/index.php\/wp-json\/wp\/v2\/posts\/9362\/revisions"}],"predecessor-version":[{"id":9365,"href":"https:\/\/lyceejeanracine.fr\/wdps\/index.php\/wp-json\/wp\/v2\/posts\/9362\/revisions\/9365"}],"wp:featuredmedia":[{"embeddable":true,"href":"https:\/\/lyceejeanracine.fr\/wdps\/index.php\/wp-json\/wp\/v2\/media\/9363"}],"wp:attachment":[{"href":"https:\/\/lyceejeanracine.fr\/wdps\/index.php\/wp-json\/wp\/v2\/media?parent=9362"}],"wp:term":[{"taxonomy":"category","embeddable":true,"href":"https:\/\/lyceejeanracine.fr\/wdps\/index.php\/wp-json\/wp\/v2\/categories?post=9362"},{"taxonomy":"post_tag","embeddable":true,"href":"https:\/\/lyceejeanracine.fr\/wdps\/index.php\/wp-json\/wp\/v2\/tags?post=9362"}],"curies":[{"name":"wp","href":"https:\/\/api.w.org\/{rel}","templated":true}]}}