{"id":955,"date":"2018-02-08T15:19:08","date_gmt":"2018-02-08T14:19:08","guid":{"rendered":"http:\/\/lyceejeanracine.fr\/wdps\/?p=955"},"modified":"2018-02-13T06:16:52","modified_gmt":"2018-02-13T05:16:52","slug":"epreuve-de-c-o-en-terminale-allemand-espagnol","status":"publish","type":"post","link":"https:\/\/lyceejeanracine.fr\/wdps\/index.php\/2018\/02\/08\/epreuve-de-c-o-en-terminale-allemand-espagnol\/","title":{"rendered":"\u00c9preuve de C.O. en Terminale : Allemand, Espagnol"},"content":{"rendered":"<p><a href=\"https:\/\/lyceejeanracine.fr\/wdps\/wp-content\/uploads\/2018\/02\/attention.png\"><img loading=\"lazy\" decoding=\"async\" class=\"alignleft size-thumbnail wp-image-956\" src=\"https:\/\/lyceejeanracine.fr\/wdps\/wp-content\/uploads\/2018\/02\/attention-100x94.png\" alt=\"\" width=\"100\" height=\"94\" \/><\/a>L&rsquo;\u00e9preuve de bac de compr\u00e9hension orale en allemand et en espagnol, initialement pr\u00e9vue le vendredi 9 f\u00e9vrier, est report\u00e9e au mardi 13 f\u00e9vrier \u00e0 9h 00. Les candidats doivent se r\u00e9f\u00e9rer au nouveau planning pour savoir dans quelle salle ils doivent se pr\u00e9senter.<\/p>\n<p><!--more--><\/p>\n<p><a href=\"https:\/\/lyceejeanracine.fr\/wdps\/wp-content\/uploads\/2018\/02\/Nouveau-planning-CO-alld-espagnol.pdf\" target=\"_blank\" rel=\"noopener\">Nouveau planning CO allemand et espagnol<\/a><\/p>\n","protected":false},"excerpt":{"rendered":"<p><a href=\"https:\/\/lyceejeanracine.fr\/wdps\/wp-content\/uploads\/2018\/02\/attention.png\"><\/a>L&rsquo;\u00e9preuve de bac de compr\u00e9hension orale en allemand et en espagnol, initialement pr\u00e9vue le vendredi 9 f\u00e9vrier, est report\u00e9e au mardi 13 f\u00e9vrier \u00e0 9h 00. Les candidats doivent se r\u00e9f\u00e9rer au nouveau planning pour savoir dans quelle salle ils doivent se pr\u00e9senter.<\/p><p><a class=\"more-link btn\" href=\"https:\/\/lyceejeanracine.fr\/wdps\/index.php\/2018\/02\/08\/epreuve-de-c-o-en-terminale-allemand-espagnol\/\">Lire la suite<\/a><\/p>\n","protected":false},"author":1,"featured_media":956,"comment_status":"open","ping_status":"open","sticky":false,"template":"","format":"standard","meta":{"ngg_post_thumbnail":0,"footnotes":""},"categories":[7,4],"tags":[],"post_mailing_queue_ids":[],"_links":{"self":[{"href":"https:\/\/lyceejeanracine.fr\/wdps\/index.php\/wp-json\/wp\/v2\/posts\/955"}],"collection":[{"href":"https:\/\/lyceejeanracine.fr\/wdps\/index.php\/wp-json\/wp\/v2\/posts"}],"about":[{"href":"https:\/\/lyceejeanracine.fr\/wdps\/index.php\/wp-json\/wp\/v2\/types\/post"}],"author":[{"embeddable":true,"href":"https:\/\/lyceejeanracine.fr\/wdps\/index.php\/wp-json\/wp\/v2\/users\/1"}],"replies":[{"embeddable":true,"href":"https:\/\/lyceejeanracine.fr\/wdps\/index.php\/wp-json\/wp\/v2\/comments?post=955"}],"version-history":[{"count":1,"href":"https:\/\/lyceejeanracine.fr\/wdps\/index.php\/wp-json\/wp\/v2\/posts\/955\/revisions"}],"predecessor-version":[{"id":958,"href":"https:\/\/lyceejeanracine.fr\/wdps\/index.php\/wp-json\/wp\/v2\/posts\/955\/revisions\/958"}],"wp:featuredmedia":[{"embeddable":true,"href":"https:\/\/lyceejeanracine.fr\/wdps\/index.php\/wp-json\/wp\/v2\/media\/956"}],"wp:attachment":[{"href":"https:\/\/lyceejeanracine.fr\/wdps\/index.php\/wp-json\/wp\/v2\/media?parent=955"}],"wp:term":[{"taxonomy":"category","embeddable":true,"href":"https:\/\/lyceejeanracine.fr\/wdps\/index.php\/wp-json\/wp\/v2\/categories?post=955"},{"taxonomy":"post_tag","embeddable":true,"href":"https:\/\/lyceejeanracine.fr\/wdps\/index.php\/wp-json\/wp\/v2\/tags?post=955"}],"curies":[{"name":"wp","href":"https:\/\/api.w.org\/{rel}","templated":true}]}}