{"id":977,"date":"2018-02-15T08:10:23","date_gmt":"2018-02-15T07:10:23","guid":{"rendered":"http:\/\/lyceejeanracine.fr\/wdps\/?p=977"},"modified":"2018-02-15T08:10:52","modified_gmt":"2018-02-15T07:10:52","slug":"article-du-courrier-picard-florentin-signe-une-oeuvre-du-futur","status":"publish","type":"post","link":"https:\/\/lyceejeanracine.fr\/wdps\/index.php\/2018\/02\/15\/article-du-courrier-picard-florentin-signe-une-oeuvre-du-futur\/","title":{"rendered":"Article du Courrier Picard :Florentin signe une \u0153uvre du futur"},"content":{"rendered":"<p><a href=\"https:\/\/lyceejeanracine.fr\/wdps\/wp-content\/uploads\/2018\/02\/bonhomme-picard-du-14-f\u00e9vrier-2018_s.jpg\"><img loading=\"lazy\" decoding=\"async\" class=\"alignleft size-thumbnail wp-image-978\" src=\"https:\/\/lyceejeanracine.fr\/wdps\/wp-content\/uploads\/2018\/02\/bonhomme-picard-du-14-f\u00e9vrier-2018_s-100x100.jpg\" alt=\"\" width=\"100\" height=\"100\" \/><\/a>Florentin, \u00e9l\u00e8ve de 1\u00e8re S, a demand\u00e9, il y a deux mois et demi, \u00e0 int\u00e9grer l&rsquo;option arts plastiques.\u00a0<!--more--><\/p>\n<p><a href=\"https:\/\/lyceejeanracine.fr\/wdps\/wp-content\/uploads\/2018\/02\/bonhomme-picard-du-14-f\u00e9vrier-2018.pdf\" target=\"_blank\" rel=\"noopener\">Lire l&rsquo;article du Bonhomme Picard du 14 f\u00e9vrier 2018<\/a><\/p>\n","protected":false},"excerpt":{"rendered":"<p><a href=\"https:\/\/lyceejeanracine.fr\/wdps\/wp-content\/uploads\/2018\/02\/bonhomme-picard-du-14-f\u00e9vrier-2018_s.jpg\"><\/a>Florentin, \u00e9l\u00e8ve de 1\u00e8re S, a demand\u00e9, il y a deux mois et demi, \u00e0 int\u00e9grer l&rsquo;option arts plastiques.\u00a0<\/p><p><a class=\"more-link btn\" href=\"https:\/\/lyceejeanracine.fr\/wdps\/index.php\/2018\/02\/15\/article-du-courrier-picard-florentin-signe-une-oeuvre-du-futur\/\">Lire la suite<\/a><\/p>\n","protected":false},"author":1,"featured_media":978,"comment_status":"open","ping_status":"open","sticky":false,"template":"","format":"standard","meta":{"ngg_post_thumbnail":0,"footnotes":""},"categories":[19,7,4],"tags":[],"post_mailing_queue_ids":[],"_links":{"self":[{"href":"https:\/\/lyceejeanracine.fr\/wdps\/index.php\/wp-json\/wp\/v2\/posts\/977"}],"collection":[{"href":"https:\/\/lyceejeanracine.fr\/wdps\/index.php\/wp-json\/wp\/v2\/posts"}],"about":[{"href":"https:\/\/lyceejeanracine.fr\/wdps\/index.php\/wp-json\/wp\/v2\/types\/post"}],"author":[{"embeddable":true,"href":"https:\/\/lyceejeanracine.fr\/wdps\/index.php\/wp-json\/wp\/v2\/users\/1"}],"replies":[{"embeddable":true,"href":"https:\/\/lyceejeanracine.fr\/wdps\/index.php\/wp-json\/wp\/v2\/comments?post=977"}],"version-history":[{"count":2,"href":"https:\/\/lyceejeanracine.fr\/wdps\/index.php\/wp-json\/wp\/v2\/posts\/977\/revisions"}],"predecessor-version":[{"id":981,"href":"https:\/\/lyceejeanracine.fr\/wdps\/index.php\/wp-json\/wp\/v2\/posts\/977\/revisions\/981"}],"wp:featuredmedia":[{"embeddable":true,"href":"https:\/\/lyceejeanracine.fr\/wdps\/index.php\/wp-json\/wp\/v2\/media\/978"}],"wp:attachment":[{"href":"https:\/\/lyceejeanracine.fr\/wdps\/index.php\/wp-json\/wp\/v2\/media?parent=977"}],"wp:term":[{"taxonomy":"category","embeddable":true,"href":"https:\/\/lyceejeanracine.fr\/wdps\/index.php\/wp-json\/wp\/v2\/categories?post=977"},{"taxonomy":"post_tag","embeddable":true,"href":"https:\/\/lyceejeanracine.fr\/wdps\/index.php\/wp-json\/wp\/v2\/tags?post=977"}],"curies":[{"name":"wp","href":"https:\/\/api.w.org\/{rel}","templated":true}]}}