{"id":982,"date":"2018-02-15T22:24:08","date_gmt":"2018-02-15T21:24:08","guid":{"rendered":"http:\/\/lyceejeanracine.fr\/wdps\/?p=982"},"modified":"2018-02-23T15:24:45","modified_gmt":"2018-02-23T14:24:45","slug":"le-blog-des-arts-plastiques","status":"publish","type":"post","link":"https:\/\/lyceejeanracine.fr\/wdps\/index.php\/2018\/02\/15\/le-blog-des-arts-plastiques\/","title":{"rendered":"Le blog des arts plastiques"},"content":{"rendered":"<p><a href=\"https:\/\/lyceejeanracine.fr\/wdps\/wp-content\/uploads\/2018\/02\/peinture.jpg\"><img loading=\"lazy\" decoding=\"async\" class=\"alignleft size-thumbnail wp-image-983\" src=\"https:\/\/lyceejeanracine.fr\/wdps\/wp-content\/uploads\/2018\/02\/peinture-100x100.jpg\" alt=\"\" width=\"100\" height=\"100\" \/><\/a>Ce site vous propose de d\u00e9couvrir comment pratiquer les arts visuels et les arts plastiques apr\u00e8s le coll\u00e8ge. Quels sont les objectifs et les pr\u00e9requis de cet enseignement ? <!--more-->De la seconde \u00e0 la terminale, vous pourrez consulter r\u00e9guli\u00e8rement ce que les \u00e9l\u00e8ves font en classe, que ce soit en culture ou en pratique. \u00c9galement, les diff\u00e9rentes expositions , les partenariats et les possibilit\u00e9s de formation apr\u00e8s le bac vous seront communiqu\u00e9s. Bonne visite ! Micka\u00ebl Dufoss\u00e9.<\/p>\n<p><a href=\"http:\/\/artsplastiquesjeanracine.blogspot.fr\" target=\"_blank\" rel=\"noopener\">Cliquez ici pour vous rendre sur le blog des arts plastiques<\/a>\u00a0du lyc\u00e9e Jean Racine<\/p>\n","protected":false},"excerpt":{"rendered":"<p><a href=\"https:\/\/lyceejeanracine.fr\/wdps\/wp-content\/uploads\/2018\/02\/peinture.jpg\"><\/a>Ce site vous propose de d\u00e9couvrir comment pratiquer les arts visuels et les arts plastiques apr\u00e8s le coll\u00e8ge. Quels sont les objectifs et les pr\u00e9requis de cet enseignement ? <\/p><p><a class=\"more-link btn\" href=\"https:\/\/lyceejeanracine.fr\/wdps\/index.php\/2018\/02\/15\/le-blog-des-arts-plastiques\/\">Lire la suite<\/a><\/p>\n","protected":false},"author":1,"featured_media":983,"comment_status":"open","ping_status":"open","sticky":false,"template":"","format":"standard","meta":{"ngg_post_thumbnail":0,"footnotes":""},"categories":[6,7,4],"tags":[],"post_mailing_queue_ids":[],"_links":{"self":[{"href":"https:\/\/lyceejeanracine.fr\/wdps\/index.php\/wp-json\/wp\/v2\/posts\/982"}],"collection":[{"href":"https:\/\/lyceejeanracine.fr\/wdps\/index.php\/wp-json\/wp\/v2\/posts"}],"about":[{"href":"https:\/\/lyceejeanracine.fr\/wdps\/index.php\/wp-json\/wp\/v2\/types\/post"}],"author":[{"embeddable":true,"href":"https:\/\/lyceejeanracine.fr\/wdps\/index.php\/wp-json\/wp\/v2\/users\/1"}],"replies":[{"embeddable":true,"href":"https:\/\/lyceejeanracine.fr\/wdps\/index.php\/wp-json\/wp\/v2\/comments?post=982"}],"version-history":[{"count":1,"href":"https:\/\/lyceejeanracine.fr\/wdps\/index.php\/wp-json\/wp\/v2\/posts\/982\/revisions"}],"predecessor-version":[{"id":984,"href":"https:\/\/lyceejeanracine.fr\/wdps\/index.php\/wp-json\/wp\/v2\/posts\/982\/revisions\/984"}],"wp:featuredmedia":[{"embeddable":true,"href":"https:\/\/lyceejeanracine.fr\/wdps\/index.php\/wp-json\/wp\/v2\/media\/983"}],"wp:attachment":[{"href":"https:\/\/lyceejeanracine.fr\/wdps\/index.php\/wp-json\/wp\/v2\/media?parent=982"}],"wp:term":[{"taxonomy":"category","embeddable":true,"href":"https:\/\/lyceejeanracine.fr\/wdps\/index.php\/wp-json\/wp\/v2\/categories?post=982"},{"taxonomy":"post_tag","embeddable":true,"href":"https:\/\/lyceejeanracine.fr\/wdps\/index.php\/wp-json\/wp\/v2\/tags?post=982"}],"curies":[{"name":"wp","href":"https:\/\/api.w.org\/{rel}","templated":true}]}}