{"id":986,"date":"2018-02-16T07:31:25","date_gmt":"2018-02-16T06:31:25","guid":{"rendered":"http:\/\/lyceejeanracine.fr\/wdps\/?p=986"},"modified":"2018-03-18T22:18:56","modified_gmt":"2018-03-18T21:18:56","slug":"samedi-17-mars-2018","status":"publish","type":"post","link":"https:\/\/lyceejeanracine.fr\/wdps\/index.php\/2018\/02\/16\/samedi-17-mars-2018\/","title":{"rendered":"JOURNEE PORTES OUVERTES"},"content":{"rendered":"<p>Sa<a href=\"https:\/\/lyceejeanracine.fr\/wdps\/wp-content\/uploads\/2018\/02\/affiche_2018web_s.jpg\"><img loading=\"lazy\" decoding=\"async\" class=\"alignleft size-thumbnail wp-image-989\" src=\"https:\/\/lyceejeanracine.fr\/wdps\/wp-content\/uploads\/2018\/02\/affiche_2018web_s-100x65.jpg\" alt=\"\" width=\"100\" height=\"65\" \/><\/a>medi 17 mars 2018 de 9H \u00e0 12H30<\/p>\n<p>Venez d\u00e9couvrir toutes les fili\u00e8res, tous les enseignements, toute la vie scolaire et vous renseigner aupr\u00e8s de l&rsquo;ensemble du personnel.<!--more--><\/p>\n<p style=\"text-align: center;\"><a href=\"https:\/\/lyceejeanracine.fr\/wdps\/wp-content\/uploads\/2018\/02\/formation-emploi-2018.pdf\">D\u00e9couvrez une synth\u00e8se de la formation 2018<\/a><\/p>\n<p style=\"text-align: center;\"><a href=\"https:\/\/lyceejeanracine.fr\/wdps\/wp-content\/uploads\/2018\/02\/affiche_2018web.jpg\"><img loading=\"lazy\" decoding=\"async\" class=\"size-medium wp-image-987 aligncenter\" src=\"https:\/\/lyceejeanracine.fr\/wdps\/wp-content\/uploads\/2018\/02\/affiche_2018web-212x300.jpg\" alt=\"\" width=\"212\" height=\"300\" srcset=\"https:\/\/lyceejeanracine.fr\/wdps\/wp-content\/uploads\/2018\/02\/affiche_2018web-212x300.jpg 212w, https:\/\/lyceejeanracine.fr\/wdps\/wp-content\/uploads\/2018\/02\/affiche_2018web-768x1086.jpg 768w, https:\/\/lyceejeanracine.fr\/wdps\/wp-content\/uploads\/2018\/02\/affiche_2018web-724x1024.jpg 724w\" sizes=\"(max-width: 212px) 100vw, 212px\" \/><\/a><\/p>\n","protected":false},"excerpt":{"rendered":"<p>Sa<a href=\"https:\/\/lyceejeanracine.fr\/wdps\/wp-content\/uploads\/2018\/02\/affiche_2018web_s.jpg\"><\/a>medi 17 mars 2018 de 9H \u00e0 12H30<\/p>\n<p>Venez d\u00e9couvrir toutes les fili\u00e8res, tous les enseignements, toute la vie scolaire et vous renseigner aupr\u00e8s de l&rsquo;ensemble du personnel.<\/p><p><a class=\"more-link btn\" href=\"https:\/\/lyceejeanracine.fr\/wdps\/index.php\/2018\/02\/16\/samedi-17-mars-2018\/\">Lire la suite<\/a><\/p>\n","protected":false},"author":1,"featured_media":987,"comment_status":"open","ping_status":"open","sticky":false,"template":"","format":"standard","meta":{"ngg_post_thumbnail":0,"footnotes":""},"categories":[7,4],"tags":[],"post_mailing_queue_ids":[],"_links":{"self":[{"href":"https:\/\/lyceejeanracine.fr\/wdps\/index.php\/wp-json\/wp\/v2\/posts\/986"}],"collection":[{"href":"https:\/\/lyceejeanracine.fr\/wdps\/index.php\/wp-json\/wp\/v2\/posts"}],"about":[{"href":"https:\/\/lyceejeanracine.fr\/wdps\/index.php\/wp-json\/wp\/v2\/types\/post"}],"author":[{"embeddable":true,"href":"https:\/\/lyceejeanracine.fr\/wdps\/index.php\/wp-json\/wp\/v2\/users\/1"}],"replies":[{"embeddable":true,"href":"https:\/\/lyceejeanracine.fr\/wdps\/index.php\/wp-json\/wp\/v2\/comments?post=986"}],"version-history":[{"count":4,"href":"https:\/\/lyceejeanracine.fr\/wdps\/index.php\/wp-json\/wp\/v2\/posts\/986\/revisions"}],"predecessor-version":[{"id":1082,"href":"https:\/\/lyceejeanracine.fr\/wdps\/index.php\/wp-json\/wp\/v2\/posts\/986\/revisions\/1082"}],"wp:featuredmedia":[{"embeddable":true,"href":"https:\/\/lyceejeanracine.fr\/wdps\/index.php\/wp-json\/wp\/v2\/media\/987"}],"wp:attachment":[{"href":"https:\/\/lyceejeanracine.fr\/wdps\/index.php\/wp-json\/wp\/v2\/media?parent=986"}],"wp:term":[{"taxonomy":"category","embeddable":true,"href":"https:\/\/lyceejeanracine.fr\/wdps\/index.php\/wp-json\/wp\/v2\/categories?post=986"},{"taxonomy":"post_tag","embeddable":true,"href":"https:\/\/lyceejeanracine.fr\/wdps\/index.php\/wp-json\/wp\/v2\/tags?post=986"}],"curies":[{"name":"wp","href":"https:\/\/api.w.org\/{rel}","templated":true}]}}